{"id":1560,"date":"2012-05-21T03:50:45","date_gmt":"2012-05-21T09:50:45","guid":{"rendered":"http:\/\/sitrad.org.mx\/?p=1560"},"modified":"2012-05-21T03:53:33","modified_gmt":"2012-05-21T09:53:33","slug":"1560","status":"publish","type":"post","link":"https:\/\/sitrad.org.mx\/index.php\/2012\/05\/21\/1560\/","title":{"rendered":"V Encuentro Sindical Nuestra Am\u00e9rica"},"content":{"rendered":"<h3 style=\"text-align: center;\"><\/h3>\n<h3 style=\"text-align: center;\">21, 22 y 23 de Mayo<\/h3>\n<p>&nbsp;<\/p>\n<p>El Los pr\u00f3ximos d\u00edas 21, 22 y 23 de mayo, M\u00e9xico ser\u00e1 la sede del V\u00b0 Encuentro Sindical Nuestra Am\u00e9rica (ESNA). Sindicalistas democr\u00e1ticos y clasistas de todo el continente discutir\u00e1n las causas de la crisis capitalista y las formas de evitar que seamos los trabajadores los que paguemos por una crisis que no provocamos. Los trabajos se efectuar\u00e1n en las instalaciones del Sindicato Mexicano de Electricistas (SME).<\/p>\n<p>&nbsp;<\/p>\n<p><strong>\u00bfQu\u00e9 es el ESNA?<\/strong><\/p>\n<p>&nbsp;<\/p>\n<p>Diversas organizaciones sindicales de Nuestra Am\u00e9rica, hemos conformado un espacio de unidad, debate, reflexi\u00f3n y coordinaci\u00f3n con el fin de contribuir a la unidad de acci\u00f3n, la solidaridad y la lucha de toda nuestra clase. Todos y todas somos parte de una misma clase y de un mismo pueblo. Queremos contribuir, con nuestra lucha por la justicia social, a la definitiva liberaci\u00f3n de Nuestra Am\u00e9rica.<\/p>\n<p>&nbsp;<\/p>\n<p>&nbsp;<\/p>\n<p>&nbsp;<\/p>\n<p>En el Encuentro Sindical Nuestro Am\u00e9rica confluyen organizaciones sociales y sindicales sin importar su afiliaci\u00f3n internacional. Este espacio no tiene una junta directiva permanente, sino una coordinaci\u00f3n renovable en cada encuentro lo m\u00e1s amplia y representativa posible.<\/p>\n<p>&nbsp;<\/p>\n<p>Venimos desde lo m\u00e1s profundo de nuestra historia; recogemos la rebeld\u00eda de nuestros pr\u00f3ceres libertadores y de la experiencia de miles de batallas libradas por trabajadores, estudiantes, pensionados, mujeres, ind\u00edgenas, negros y campesinos a lo largo y lo ancho de Nuestra Am\u00e9rica. Creemos en el socialismo como sistema para el desarrollo humano.<\/p>\n<p>&nbsp;<\/p>\n<p>Ante el permanente acecho del imperialismo y de la peor crisis del capitalismo en toda su historia, observamos un ascenso en la lucha de clases y el desarrollo de la conciencia pol\u00edtica de la clase trabajadora, que posibilitan tener hoy procesos revolucionarios y gobiernos de izquierda.<\/p>\n<p>&nbsp;<\/p>\n<p>Creemos que la transformaci\u00f3n de Nuestra Am\u00e9rica pasa necesariamente por la integraci\u00f3n econ\u00f3mica, pol\u00edtica y social de todos nuestros pueblos. Luchamos por la defensa de la democracia, la autodeterminaci\u00f3n de los pueblos y la participaci\u00f3n activa en los procesos de transformaci\u00f3n social que vive nuestro continente.<\/p>\n<p>&nbsp;<\/p>\n<p>La unidad de acci\u00f3n de los trabajadores organizados es la herramienta fundamental para elevar nuestro nivel de vida, redistribuir la riqueza, eliminar las desigualdades sociales y promover la integraci\u00f3n soberana de Nuestra Am\u00e9rica rumbo a su liberaci\u00f3n.<\/p>\n<p>&nbsp;<\/p>\n<p>&nbsp;<\/p>\n<p>&nbsp;<\/p>\n<p><strong>\u00bfQu\u00e9 organizaciones integran el ESNA?<\/strong><\/p>\n<p>&nbsp;<\/p>\n<p>M\u00e1s de cien organizaciones sindicales que abarcan a 27 pa\u00edses del continente. Entre las m\u00e1s destacadas mencionaremos a la Plenaria Intersindical de Trabajadores \u2013 Consejo Nacional de Trabajadores (PIT-CNT) de Uruguay, la Confederaci\u00f3n General de Trabajadores del Per\u00fa (CGTP), la Central de Trabajadores de Cuba (CTC), la Central de Trabajadores y Trabajadoras del Brasil (CTB), Confederaci\u00f3n Nacional de los Trabajadores de la Agricultura (CONTAG), la Uni\u00f3n Sindical Obrera de la Industria del Petr\u00f3leo (USOIP) de Colombia, la Central de Trabajadores de la Argentina (CTA), el Frente Nacional de los Trabajadores (FNT) de Nicaragua, Central Unitaria de Trabajadores (CUT) de Colombia, Central Unitaria de Trabajadores (CUT) de Chile, La Central Bolivariana Socialista de Trabajadores de Venezuela (CBST) y la Central Obrera Boliviana (COB). Todas estas organizaciones estar\u00e1n representadas por m\u00e1s de 300 delegados.<\/p>\n<p>&nbsp;<\/p>\n<p>Adem\u00e1s participar\u00e1n importantes organizaciones sindicales mexicanas como el Sindicato Mexicano de Electricistas, la Secci\u00f3n XVIII del SNTE-CNTE, el Sindicato de Trabajadores Mineros, Metal\u00fargico, Sider\u00fargicos y Similares de la Rep\u00fablica Mexicana (STMMSRM), los Sindicatos de Mexicana de Aviaci\u00f3n, el Sindicato \u00danico de Trabajadores del Instituto de la Educaci\u00f3n Media Superior (SUTIEMS), la Asociaci\u00f3n de Trabajadores del Estado de Michoac\u00e1n (ATEM), el Frente Sindical Mexicano (FSM), la Uni\u00f3n Nacional de Trabajadores (UNT), el Frente Estatal de Sindicatos de Educaci\u00f3n Media Superior y Superior (FESEMSS) de Michoac\u00e1n, la Central Unitaria de Trabajadores (CUT), la Uni\u00f3n Nacional de Trabajadores Agr\u00edcolas (UNTA), Federaci\u00f3n de Trabajadores del Distrito Federal (FTDF), Centro de Investigaci\u00f3n y Asesor\u00eda Sindical (CILAS), entre algunos otros. Estas organizaciones estar\u00e1n representadas por alrededor de 300 delegados.<\/p>\n<p><strong>Importancia de V\u00b0 ESNA en M\u00e9xico.<\/strong><\/p>\n<p>&nbsp;<\/p>\n<p>El IV ESNA, realizado en la ciudad de Managua, Nicaragua, en agosto del a\u00f1o pasado, aprob\u00f3 realizar el pr\u00f3ximo V ESNA en M\u00e9xico, como una muestra de solidaridad y apoyo a la lucha de los trabajadores Electricistas, Mineros, Mexicana de Aviaci\u00f3n, Sutiems, Honda y Magisterio democr\u00e1tico en contra del gobierno ultraderechista de Felipe Calder\u00f3n, que intenta destruir las organizaciones sindicales y sus m\u00e1s preciadas conquistas laborales.<\/p>\n<p>&nbsp;<\/p>\n<p>Este encuentro es adem\u00e1s una importante plataforma para que los trabajadores mexicanos abordemos nuestra gran tarea pendiente: construir una nueva central de trabajadores, que nos permita pasar de las acciones defensivas, concertadas entre diferentes sectores sindicales, a la construcci\u00f3n de una representaci\u00f3n com\u00fan, de todos y para todos.<\/p>\n<p>&nbsp;<\/p>\n<p><strong>Programa V Encuentro Sindical Nuestra Am\u00e9rica.<\/strong><\/p>\n<p>&nbsp;<\/p>\n<p>LUNES 21 DE MAYO.<\/p>\n<p>&nbsp;<\/p>\n<p>09:00 a 10:00 &#8212; Conferencia de Prensa a cargo del Comit\u00e9 Internacional del ESNA, en el noveno piso de Insurgentes 98, local del SME.<\/p>\n<p>&nbsp;<\/p>\n<p>09:00 a 13:00 \u2013 Registro de delegados y foro paralelo de intercambio (tribuna abierta).<\/p>\n<p>&nbsp;<\/p>\n<p>13:00 a 14:00 \u2013 Plenaria de apertura.<\/p>\n<p>&nbsp;<\/p>\n<p>16:00 \u2013 ACTO INAUGURAL.<\/p>\n<p>&nbsp;<\/p>\n<p>ACTO CULTURAL.<\/p>\n<p>&nbsp;<\/p>\n<p>&nbsp;<\/p>\n<p>&nbsp;<\/p>\n<p>MARTES 22 DE MAYO.<\/p>\n<p>&nbsp;<\/p>\n<p>09:00 a 14:00 \u2013 Trabajo en talleres.<\/p>\n<p>&nbsp;<\/p>\n<p>14:00 a 16:00 \u2013 Comida.<\/p>\n<p>&nbsp;<\/p>\n<p>16:00 a 20:00 \u2013 Trabajo en talleres.<\/p>\n<p>&nbsp;<\/p>\n<p>ACTO CULTURAL.<\/p>\n<p>&nbsp;<\/p>\n<p>&nbsp;<\/p>\n<p>MIERCOLES 23 DE MAYO<\/p>\n<p>&nbsp;<\/p>\n<p>09:00 a 14:00 \u2013 Plenario final, conclusiones.<\/p>\n<p>&nbsp;<\/p>\n<p>14:00 a 15:30 \u2013 Comida.<\/p>\n<p>&nbsp;<\/p>\n<p>16:00 a 18:00 \u2013 Plenario General: Lectura de Resoluciones.<\/p>\n<p>&nbsp;<\/p>\n<p>18:00 a 20:00 &#8212; Acto de Clausura: Declaraci\u00f3n Final y Plan de Acci\u00f3n.<\/p>\n<p>&nbsp;<\/p>\n<p>&nbsp;<\/p>\n<p>&nbsp;<\/p>\n<p>&nbsp;<\/p>\n<p style=\"text-align: center;\"><strong>FRATERNALMENTE.<\/strong><\/p>\n<p style=\"text-align: center;\">\u201cPor el Derecho y la Justicia del Trabajador.\u201d<\/p>\n<p style=\"text-align: center;\">M\u00e9xico D.F. a 15 de Mayo del 2012.<\/p>\n<p style=\"text-align: center;\">Jos\u00e9 Humberto Montes de Oca Luna.<\/p>\n<p style=\"text-align: center;\">Secretario del Exterior.<\/p>\n<p style=\"text-align: center;\"><strong>Sindicato Mexicano de Electricistas.<\/strong><\/p>\n","protected":false},"excerpt":{"rendered":"<p>21, 22 y 23 de Mayo &nbsp; El Los pr\u00f3ximos d\u00edas 21, 22 y 23 de mayo, M\u00e9xico ser\u00e1 la sede del V\u00b0 Encuentro Sindical Nuestra Am\u00e9rica (ESNA). Sindicalistas democr\u00e1ticos y clasistas de todo el continente discutir\u00e1n las causas de &hellip; <a href=\"https:\/\/sitrad.org.mx\/index.php\/2012\/05\/21\/1560\/\">Sigue leyendo <span class=\"meta-nav\">&rarr;<\/span><\/a><\/p>\n","protected":false},"author":2,"featured_media":0,"comment_status":"open","ping_status":"open","sticky":false,"template":"","format":"standard","meta":{"footnotes":""},"categories":[4],"tags":[],"class_list":["post-1560","post","type-post","status-publish","format-standard","hentry","category-blog"],"_links":{"self":[{"href":"https:\/\/sitrad.org.mx\/index.php\/wp-json\/wp\/v2\/posts\/1560","targetHints":{"allow":["GET"]}}],"collection":[{"href":"https:\/\/sitrad.org.mx\/index.php\/wp-json\/wp\/v2\/posts"}],"about":[{"href":"https:\/\/sitrad.org.mx\/index.php\/wp-json\/wp\/v2\/types\/post"}],"author":[{"embeddable":true,"href":"https:\/\/sitrad.org.mx\/index.php\/wp-json\/wp\/v2\/users\/2"}],"replies":[{"embeddable":true,"href":"https:\/\/sitrad.org.mx\/index.php\/wp-json\/wp\/v2\/comments?post=1560"}],"version-history":[{"count":3,"href":"https:\/\/sitrad.org.mx\/index.php\/wp-json\/wp\/v2\/posts\/1560\/revisions"}],"predecessor-version":[{"id":1562,"href":"https:\/\/sitrad.org.mx\/index.php\/wp-json\/wp\/v2\/posts\/1560\/revisions\/1562"}],"wp:attachment":[{"href":"https:\/\/sitrad.org.mx\/index.php\/wp-json\/wp\/v2\/media?parent=1560"}],"wp:term":[{"taxonomy":"category","embeddable":true,"href":"https:\/\/sitrad.org.mx\/index.php\/wp-json\/wp\/v2\/categories?post=1560"},{"taxonomy":"post_tag","embeddable":true,"href":"https:\/\/sitrad.org.mx\/index.php\/wp-json\/wp\/v2\/tags?post=1560"}],"curies":[{"name":"wp","href":"https:\/\/api.w.org\/{rel}","templated":true}]}}