{"id":86,"date":"2006-06-07T09:14:00","date_gmt":"2006-06-07T15:14:00","guid":{"rendered":"http:\/\/sitrad-conalep-nay.org\/?p=38"},"modified":"2006-06-07T09:14:00","modified_gmt":"2006-06-07T15:14:00","slug":"sitrad-en-la-prensa-2","status":"publish","type":"post","link":"http:\/\/sitrad.org.mx\/index.php\/2006\/06\/07\/sitrad-en-la-prensa-2\/","title":{"rendered":"Sitrad en la Prensa"},"content":{"rendered":"<p><em>Se suman a la lucha el sindicato del IMSS y la CUT: Ba\u00f1uelos Casta\u00f1eda<br \/>\n<\/em><strong>Demandan maestros del CONALEP contrato colectivo de trabajo<\/strong><\/p>\n<p align=\"center\"><img decoding=\"async\" align=\"middle\" alt=\"conferencia\" src=\"\/wp-content\/sitrad07.jpg\" \/><\/p>\n<p>Por Emerson Leao\/Avance<br \/>\nMaestros del CONALEP Plantel Tepic, realizaron una petici\u00f3n publica al Gobernador del Estado, para exigirle que se les reconozca su trabajo y de esta manera el gobierno firme con ellos un contrato colectivo de trabajo.<br \/>\nA la petici\u00f3n se uni\u00f3 el Frente Sindical Campesino Ind\u00edgena Social y Popular de Nayarit, el cual esta integrado por el SNTSS y de la CUT.<br \/>\nAl hacer uso de la palabra, el Dirigente del Sindicato del Seguro Social, Armando Ba\u00f1uelos Casta\u00f1eda dijo que la organizaci\u00f3n hace sentir su respaldo y solidaridad a los integrantes del Sindicato de Trabajadores Acad\u00e9micos y Docentes del CONALEP en el Estado, quienes solicitan a las autoridades educativas realizar la firma del contrato colectivo de trabajo. Se plantea entre otras cuestiones el otorgamiento de las garant\u00edas sociales consagradas en la  Carta Magna.<br \/>\nBa\u00f1uelos Casta\u00f1eda indic\u00f3 que es necesario que el gobierno del estado reconozca a este sindicado, y de esta manera darle certidumbre laboral a los cientos de maestros que ah\u00ed\u00ad laboran.<br \/>\nDijo que los compa\u00f1eros de CONALEP en Nayarit tienen su sindicato registrado en la Junta Federal y en la Junta Local de Conciliaci\u00f3n y Arbitraje por lo que su reconocimiento es completamente oficial.<\/p>\n<p>Fuente: <a href=\"http:\/\/www.periodicoavance.com\/\">http:\/\/www.periodicoavance.com\/<\/a><\/p>\n","protected":false},"excerpt":{"rendered":"<p>Se suman a la lucha el sindicato del IMSS y la CUT: Ba\u00f1uelos Casta\u00f1eda Demandan maestros del CONALEP contrato colectivo de trabajo Por Emerson Leao\/Avance Maestros del CONALEP Plantel Tepic, realizaron una petici\u00f3n publica al Gobernador del Estado, para exigirle &hellip; <a href=\"http:\/\/sitrad.org.mx\/index.php\/2006\/06\/07\/sitrad-en-la-prensa-2\/\">Sigue leyendo <span class=\"meta-nav\">&rarr;<\/span><\/a><\/p>\n","protected":false},"author":2,"featured_media":0,"comment_status":"open","ping_status":"open","sticky":false,"template":"","format":"standard","meta":{"footnotes":""},"categories":[6],"tags":[],"class_list":["post-86","post","type-post","status-publish","format-standard","hentry","category-noticias"],"_links":{"self":[{"href":"http:\/\/sitrad.org.mx\/index.php\/wp-json\/wp\/v2\/posts\/86","targetHints":{"allow":["GET"]}}],"collection":[{"href":"http:\/\/sitrad.org.mx\/index.php\/wp-json\/wp\/v2\/posts"}],"about":[{"href":"http:\/\/sitrad.org.mx\/index.php\/wp-json\/wp\/v2\/types\/post"}],"author":[{"embeddable":true,"href":"http:\/\/sitrad.org.mx\/index.php\/wp-json\/wp\/v2\/users\/2"}],"replies":[{"embeddable":true,"href":"http:\/\/sitrad.org.mx\/index.php\/wp-json\/wp\/v2\/comments?post=86"}],"version-history":[{"count":0,"href":"http:\/\/sitrad.org.mx\/index.php\/wp-json\/wp\/v2\/posts\/86\/revisions"}],"wp:attachment":[{"href":"http:\/\/sitrad.org.mx\/index.php\/wp-json\/wp\/v2\/media?parent=86"}],"wp:term":[{"taxonomy":"category","embeddable":true,"href":"http:\/\/sitrad.org.mx\/index.php\/wp-json\/wp\/v2\/categories?post=86"},{"taxonomy":"post_tag","embeddable":true,"href":"http:\/\/sitrad.org.mx\/index.php\/wp-json\/wp\/v2\/tags?post=86"}],"curies":[{"name":"wp","href":"https:\/\/api.w.org\/{rel}","templated":true}]}}