{"id":424,"date":"2009-03-18T15:35:10","date_gmt":"2009-03-18T22:35:10","guid":{"rendered":"http:\/\/sitrad.org.mx\/?p=424"},"modified":"2009-03-18T15:53:01","modified_gmt":"2009-03-18T22:53:01","slug":"comunicado-4","status":"publish","type":"post","link":"http:\/\/sitrad.org.mx\/index.php\/2009\/03\/18\/comunicado-4\/","title":{"rendered":"COMUNICADO"},"content":{"rendered":"<p class=\"MsoNormal\" style=\"text-align: justify;\">Informamos a todos nuestros agremiados que el d\u00eda de hoy, siendo las 12:30 hrs, despu\u00e9s de un proceso legal que m\u00e1s de<span> <\/span>de<span> <\/span>dos a\u00f1os, la Junta Local de Conciliaci\u00f3n y Arbitraje emiti\u00f3 el laudo a favor de nuestro compa\u00f1ero y amigo, Benjam\u00edn Medina Ram\u00edrez, el <span> <\/span>cual fue despedido injustificadamente el mes de agosto de 2006, y con esta resoluci\u00f3n de la junta, queda oficialmente<span> <\/span>reinstalado a su trabajo.<\/p>\n<p style=\"text-align: center;\"><img loading=\"lazy\" decoding=\"async\" class=\"size-large wp-image-425 aligncenter\" title=\"Espera\" src=\"http:\/\/sitrad.org.mx\/wp-content\/uploads\/2009\/03\/100_2915-1024x768.jpg\" alt=\"Espera\" width=\"600\" height=\"450\" srcset=\"http:\/\/sitrad.org.mx\/wp-content\/uploads\/2009\/03\/100_2915-1024x768.jpg 1024w, http:\/\/sitrad.org.mx\/wp-content\/uploads\/2009\/03\/100_2915-500x375.jpg 500w\" sizes=\"auto, (max-width: 600px) 100vw, 600px\" \/><\/p>\n<p style=\"text-align: center;\">\n<p style=\"text-align: center;\">\n<div id=\"attachment_426\" style=\"width: 615px\" class=\"wp-caption aligncenter\"><img loading=\"lazy\" decoding=\"async\" aria-describedby=\"caption-attachment-426\" class=\"size-large wp-image-426\" title=\"Celebrando\" src=\"http:\/\/sitrad.org.mx\/wp-content\/uploads\/2009\/03\/100_2925-1024x768.jpg\" alt=\"Celebrando\" width=\"605\" height=\"453\" srcset=\"http:\/\/sitrad.org.mx\/wp-content\/uploads\/2009\/03\/100_2925-1024x768.jpg 1024w, http:\/\/sitrad.org.mx\/wp-content\/uploads\/2009\/03\/100_2925-500x375.jpg 500w\" sizes=\"auto, (max-width: 605px) 100vw, 605px\" \/><p id=\"caption-attachment-426\" class=\"wp-caption-text\">Celebrando<\/p><\/div>\n","protected":false},"excerpt":{"rendered":"<p>Informamos a todos nuestros agremiados que el d\u00eda de hoy, siendo las 12:30 hrs, despu\u00e9s de un proceso legal que m\u00e1s de de dos a\u00f1os, la Junta Local de Conciliaci\u00f3n y Arbitraje emiti\u00f3 el laudo a favor de nuestro compa\u00f1ero &hellip; <a href=\"http:\/\/sitrad.org.mx\/index.php\/2009\/03\/18\/comunicado-4\/\">Sigue leyendo <span class=\"meta-nav\">&rarr;<\/span><\/a><\/p>\n","protected":false},"author":2,"featured_media":0,"comment_status":"open","ping_status":"open","sticky":false,"template":"","format":"standard","meta":{"footnotes":""},"categories":[4,5,13,6,7],"tags":[],"class_list":["post-424","post","type-post","status-publish","format-standard","hentry","category-blog","category-comunicado","category-nacional","category-noticias","category-prensa-escrita"],"_links":{"self":[{"href":"http:\/\/sitrad.org.mx\/index.php\/wp-json\/wp\/v2\/posts\/424","targetHints":{"allow":["GET"]}}],"collection":[{"href":"http:\/\/sitrad.org.mx\/index.php\/wp-json\/wp\/v2\/posts"}],"about":[{"href":"http:\/\/sitrad.org.mx\/index.php\/wp-json\/wp\/v2\/types\/post"}],"author":[{"embeddable":true,"href":"http:\/\/sitrad.org.mx\/index.php\/wp-json\/wp\/v2\/users\/2"}],"replies":[{"embeddable":true,"href":"http:\/\/sitrad.org.mx\/index.php\/wp-json\/wp\/v2\/comments?post=424"}],"version-history":[{"count":5,"href":"http:\/\/sitrad.org.mx\/index.php\/wp-json\/wp\/v2\/posts\/424\/revisions"}],"predecessor-version":[{"id":429,"href":"http:\/\/sitrad.org.mx\/index.php\/wp-json\/wp\/v2\/posts\/424\/revisions\/429"}],"wp:attachment":[{"href":"http:\/\/sitrad.org.mx\/index.php\/wp-json\/wp\/v2\/media?parent=424"}],"wp:term":[{"taxonomy":"category","embeddable":true,"href":"http:\/\/sitrad.org.mx\/index.php\/wp-json\/wp\/v2\/categories?post=424"},{"taxonomy":"post_tag","embeddable":true,"href":"http:\/\/sitrad.org.mx\/index.php\/wp-json\/wp\/v2\/tags?post=424"}],"curies":[{"name":"wp","href":"https:\/\/api.w.org\/{rel}","templated":true}]}}