{"id":256,"date":"2008-09-14T13:22:03","date_gmt":"2008-09-14T20:22:03","guid":{"rendered":"http:\/\/sitrad-conalep-nay.org\/?p=245"},"modified":"2008-10-05T21:47:25","modified_gmt":"2008-10-06T03:47:25","slug":"nuevo-secretario-general-del-sitrad-2","status":"publish","type":"post","link":"http:\/\/sitrad.org.mx\/index.php\/2008\/09\/14\/nuevo-secretario-general-del-sitrad-2\/","title":{"rendered":"NUEVO SECRETARIO GENERAL DEL SITRAD"},"content":{"rendered":"<p style=\"text-align: center\"><img decoding=\"async\" src=\"http:\/\/sitrad.org.mx\/wp-content\/uploads\/2008\/09\/nuevocomite.jpg\" alt=\"nuevocomite.jpg\" \/><\/p>\n<p>El pasado 11 de Septiembre se efectu\u00f3 el II Congreso Ordinario de nuestro sindicato para elegir a nuestros nuevos representantes sindicales. En dicho evento se registraron dos planillas participantes: La primera encabezada por el Prof. Fernando Campos Mora , un incansable luchador de los derechos de nuestra base al desempe\u00f1arse como Secretario de Conflictos en la administraci\u00f3n sindical pasada, la segunda encabezada por el Arq. Jos\u00e9 Luis Flores Rosas, quien igualmente se identifica como un aferrado defensor de las causas justas en el nacimiento de nuestra organizaci\u00f3n.<\/p>\n<p>Sin embargo, como en todo proceso de esta naturaleza se ten\u00eda que definir a un ganador y este fu\u00e9 el Arq. Flores Rosas, quien a partir de este 11 de septiembre se convirti\u00f3 en nuestro nuevo Secretario General para el periodo 2008 &#8211; 2011.<\/p>\n<p>Un hecho importante es que en esta ocasi\u00f3n el nuevo Comit\u00e9 Ejecutivo Estatal esta integrado por tres compa\u00f1eros del plantel La Pe\u00f1ita de Jaltemba lo que sin duda habr\u00e1 de fortalecer el trabajo del comit\u00e9 y sin duda que se reflejar\u00e1 en mejores condiciones de trabajos para aquellos compa\u00f1eros.<\/p>\n<p>Es obligado mencionar que todo el proceso se caracteriz\u00f3 por un excelente ambiente de respeto entre los grupos pol\u00edticos de ambas corrientes. Lo que pone de manifiesto la enorme madurez pol\u00edtica de todos nuestros compa\u00f1eros. Fue muy satisfactorio ver expresado en ese evento la unidad de todos nuestros agremiados y vaya un reconocimiento muy merecido a quienes encabezaron este proceso, lo que muestra que en el SITRAD por encima de las diferencias de ideas est\u00e1 el compromiso con nuestro sindicato.<\/p>\n<p>Reconocemos en el Arq. Jos\u00e9 Luis esa madurez y responsabilidad al hacer una invitaci\u00f3n a la unidad, dejando en claro la necesidad de integrar a todos nuestros agremiados, pero especialmente reconociendo la participaci\u00f3n y liderazgo de su oponente el Prof. Fernando Campos, pero un reconomiento mayor para \u00e9ste \u00faltimo quien sin dudarlo un segundo di\u00f3 muestras de solidaridad y aceptacion al sellar con un abrazo su compromiso con el SITRAD.<\/p>\n<p>Sin duda alguna, la unidad a que nos convoca nuestro Secretario General ser\u00e1 determinate para enfrentar los retos venideros como organizaci\u00f3n sindical.<\/p>\n<p>El nuevo Comit\u00e9 Ejecutivo Estatal del SITRAD est\u00e1 integrado de la siguiente manera:<\/p>\n<p><em> Jos\u00e9 Luis Flores Rosas<\/em><br \/>\n<strong style=\"font-variant: small-caps;\">Secretar\u00eda General<\/strong><\/p>\n<p><em>Dagoberto S\u00e1nchez Estrada<\/em><br \/>\n<strong>Secretar\u00eda De Organizaci\u00f3n<\/strong><\/p>\n<p><em>Israel L\u00f3pez Rodr\u00edguez<\/em><br \/>\n<strong>Secretar\u00eda de Trabajo y Conflictos<\/strong><\/p>\n<p><em>Georgina Plantillas Cardona<\/em><br \/>\n<strong>Secretar\u00eda de Asuntos Acad\u00e9micos<\/strong><\/p>\n<p><em>Norma Estela Dehara Rosario<\/em><br \/>\n<strong>Secretar\u00eda de Finanzas<\/strong><\/p>\n<p><em>Ra\u00fal Rafael Flores P\u00e9rez<\/em><br \/>\n<strong>Secretar\u00eda de Previsi\u00f3n Social<\/strong><\/p>\n<p><em>Mayra Ver\u00f3nica Robles Avalos<\/em><br \/>\n<strong>Secretar\u00eda de Actas y Acuerdos<\/strong><\/p>\n<p><em>Zoila de Le\u00f3n Llamas<\/em><br \/>\n<strong>Secretar\u00eda de Acci\u00f3n Femenil<\/strong><\/p>\n<p><em>Edgar Ariel Galindo Lara<\/em><br \/>\n<strong>Secretar\u00eda de Acci\u00f3n Pol\u00edtica<\/strong><\/p>\n<p><em>Maria Guillermina Caldera de La Rosa<\/em><br \/>\n<strong>Secretar\u00eda de Difusi\u00f3n y Acci\u00f3n Social<\/strong><\/p>\n<p><em>Andres Mart\u00ednez Estrada<\/em><br \/>\n<strong>Secretar\u00eda de Deportes<\/strong><\/p>\n<p>!Enhorabuena y felicidades!<\/p>\n","protected":false},"excerpt":{"rendered":"<p>El pasado 11 de Septiembre se efectu\u00f3 el II Congreso Ordinario de nuestro sindicato para elegir a nuestros nuevos representantes sindicales. En dicho evento se registraron dos planillas participantes: La primera encabezada por el Prof. Fernando Campos Mora , un &hellip; <a href=\"http:\/\/sitrad.org.mx\/index.php\/2008\/09\/14\/nuevo-secretario-general-del-sitrad-2\/\">Sigue leyendo <span class=\"meta-nav\">&rarr;<\/span><\/a><\/p>\n","protected":false},"author":1,"featured_media":0,"comment_status":"open","ping_status":"open","sticky":false,"template":"","format":"standard","meta":{"footnotes":""},"categories":[4,5],"tags":[],"class_list":["post-256","post","type-post","status-publish","format-standard","hentry","category-blog","category-comunicado"],"_links":{"self":[{"href":"http:\/\/sitrad.org.mx\/index.php\/wp-json\/wp\/v2\/posts\/256","targetHints":{"allow":["GET"]}}],"collection":[{"href":"http:\/\/sitrad.org.mx\/index.php\/wp-json\/wp\/v2\/posts"}],"about":[{"href":"http:\/\/sitrad.org.mx\/index.php\/wp-json\/wp\/v2\/types\/post"}],"author":[{"embeddable":true,"href":"http:\/\/sitrad.org.mx\/index.php\/wp-json\/wp\/v2\/users\/1"}],"replies":[{"embeddable":true,"href":"http:\/\/sitrad.org.mx\/index.php\/wp-json\/wp\/v2\/comments?post=256"}],"version-history":[{"count":6,"href":"http:\/\/sitrad.org.mx\/index.php\/wp-json\/wp\/v2\/posts\/256\/revisions"}],"predecessor-version":[{"id":262,"href":"http:\/\/sitrad.org.mx\/index.php\/wp-json\/wp\/v2\/posts\/256\/revisions\/262"}],"wp:attachment":[{"href":"http:\/\/sitrad.org.mx\/index.php\/wp-json\/wp\/v2\/media?parent=256"}],"wp:term":[{"taxonomy":"category","embeddable":true,"href":"http:\/\/sitrad.org.mx\/index.php\/wp-json\/wp\/v2\/categories?post=256"},{"taxonomy":"post_tag","embeddable":true,"href":"http:\/\/sitrad.org.mx\/index.php\/wp-json\/wp\/v2\/tags?post=256"}],"curies":[{"name":"wp","href":"https:\/\/api.w.org\/{rel}","templated":true}]}}