{"id":223,"date":"2007-05-08T15:09:53","date_gmt":"2007-05-08T22:09:53","guid":{"rendered":"http:\/\/sitrad-conalep-nay.org\/?p=210"},"modified":"2007-05-08T15:09:53","modified_gmt":"2007-05-08T22:09:53","slug":"cresencia-prepara-maletas-para-salir-de-sitrad","status":"publish","type":"post","link":"http:\/\/sitrad.org.mx\/index.php\/2007\/05\/08\/cresencia-prepara-maletas-para-salir-de-sitrad\/","title":{"rendered":"CRESENCIA prepara maletas&#8230;. para salir de SITRAD"},"content":{"rendered":"<p class=\"MsoNormal\" style=\"margin: 0cm 0cm 0pt; text-align: justify\"><font size=\"3\" face=\"Times New Roman\" \/><\/p>\n<div style=\"text-align: center\"><font size=\"3\" face=\"Times New Roman\"><\/font><font><img loading=\"lazy\" decoding=\"async\" width=\"305\" height=\"305\" id=\"image209\" alt=\"07050713452300.JPG\" src=\"http:\/\/sitrad.org.mx\/wp-content\/uploads\/2007\/05\/07050713452300.jpg\" \/><\/font><\/div>\n<p class=\"MsoNormal\" style=\"margin: 0cm 0cm 0pt; text-align: justify\"><font size=\"3\" face=\"Times New Roman\">Que tal compa\u00f1eros, esta vez deseo iniciar mi escrito con una disculpa por lo comentado en la entrada anterior, pero conste que no se trata de un arrepentimiento, para nada, as\u00ed que EDEL no te alegres, me refiero a que coment\u00e9 que faltaba hablar de otras personas que tambi\u00e9n vi en la marcha del d\u00eda del trabajo, y pues es indispensable que rompa con esa promesa porque se me calcinan los dedos para escribir un nombre MARIA CRESENCIA RAMIREZ SANTOYO. <\/font><\/p>\n<p class=\"MsoNormal\" style=\"margin: 0cm 0cm 0pt; text-align: justify\"><font size=\"3\" face=\"Times New Roman\">Quienes han llevado un seguimiento de este sitio (que por cierto agradezco), recordar\u00e1n que ese nombre fue mencionado aqu\u00ed, hace ya varios meses como una de las personas que se hab\u00eda sentido aludida cuando se trat\u00f3 de dar sus primeras aportaciones al SITRAD. <\/font><\/p>\n<p class=\"MsoNormal\" style=\"margin: 0cm 0cm 0pt; text-align: justify\"><font size=\"3\" face=\"Times New Roman\">Quienes conocemos a CRESENCIA, sabemos que es una gran persona que tiene la cualidad de saber poner a cada quien en su lugar, que con solo balbucear sabe invocar las palabras precisas para decir un titipuchal de ofensas. Si alguien ha molestado alguna vez a esta compa\u00f1era sabr\u00e1 que lo que digo no es mentira. <\/font><\/p>\n<p class=\"MsoNormal\" style=\"margin: 0cm 0cm 0pt; text-align: justify\"><font size=\"3\" face=\"Times New Roman\">Yo siempre supe que CRESENCIA se hab\u00eda mantenido al margen de nuestro movimiento, que se hab\u00eda dedicado a su trabajo alejada de todo el acontecer del SITRAD.<\/font><\/p>\n<p class=\"MsoNormal\" style=\"margin: 0cm 0cm 0pt; text-align: justify\"><font size=\"3\" face=\"Times New Roman\">De su trabajo como maestra no puedo decir gran cosa, en primera porque a nadie corresponde hablar de su trabajo m\u00e1s que a sus propios alumnos, sin embargo, con el permiso de esta gran compa\u00f1era, debo comentar que por lo menos yo jam\u00e1s he escuchado comentarios negativos sobre su proceder dentro de un aula. <\/font><\/p>\n<p class=\"MsoNormal\" style=\"margin: 0cm 0cm 0pt; text-align: justify\"><font size=\"3\" face=\"Times New Roman\">Ah! pero como miembro del SITRAD tengo grandes reclamos que hacerle a esta compa\u00f1era promotora de valores y carente de ellos. <\/font><\/p>\n<p class=\"MsoNormal\" style=\"margin: 0cm 0cm 0pt; text-align: justify\"><font size=\"3\" face=\"Times New Roman\">En primera, me molesta y mucho darme cuenta que anda ensayando la danza de la seducci\u00f3n ante nuestros compa\u00f1eros, a quien quiere enga\u00f1ar CRESENCIA? Que haya perdido la dignidad puedo aceptarlo porque lo mismo le pas\u00f3 a todos los esquiroles que andan vagando por las filas del SITRAD como pidiendo limosna, pero la noci\u00f3n del tiempo no, y me parece que es momento de informarle a esta se\u00f1ora partidaria de ur\u00edas que es DEMASIADO TARDE. <\/font><\/p>\n<p class=\"MsoNormal\" style=\"margin: 0cm 0cm 0pt; text-align: justify\"><font size=\"3\" face=\"Times New Roman\">\u00bfAlguien de nuestros lectores vio alguna vez a CRESENCIA RAMIREZ SANTOYO sentada a las afueras de conalep el d\u00eda de la toma del plantel? \u00bfAlguien recuerda haber visto a CRESENCIA RAMIREZ SANTOYO en una sola reuni\u00f3n del sindicato? \u00bfAlguien tiene una foto de cualquier momento de nuestro movimiento donde aparezca la facha de esta se\u00f1ora? \u00bfPor casualidad alguien vio alguna vez a CRESENCIA portar alguno de nuestros gafetes de protesta por lo menos un minuto? \u00bfY los mo\u00f1os? <\/font><\/p>\n<p class=\"MsoNormal\" style=\"margin: 0cm 0cm 0pt; text-align: justify\"><font size=\"3\" face=\"Times New Roman\">SE\u00d1ORA MIA USTED ESTA PODRIDA\u2026 \u00bfC\u00f3mo pretende incrustarse usted en un festejo del d\u00eda del maestro para un evento que el sindicato organiz\u00f3? \u00bfNo que \u00e9ramos unos ladrones? \u00bfA poco quiere ponerse de pechito para que la robemos? <\/font><\/p>\n<p class=\"MsoNormal\" style=\"margin: 0cm 0cm 0pt; text-align: justify\"><font size=\"3\" face=\"Times New Roman\">Yo se que esto le calienta la sangre, pero as\u00ed como a veces usted presume de entrona y no dejada, ahora lo quiera o no le toca leer su precio. <\/font><\/p>\n<p class=\"MsoNormal\" style=\"margin: 0cm 0cm 0pt; text-align: justify\"><font size=\"3\" face=\"Times New Roman\">Es verdad que se mantuvo alejada de nuestra lucha, pero por detr\u00e1s y a lo lejos lo criticaba y muy duro, auguraba usted una derrota segura de nuestro movimiento. Siempre pasaba y miraba con desd\u00e9n a quienes form\u00e1bamos parte de SITRAD, criticaba nuestros gafetes y mo\u00f1os rojinegros, \u00bflo recuerda? Disfrutaba cuando ur\u00edas atacaba nuestra organizaci\u00f3n. <\/font><\/p>\n<p class=\"MsoNormal\" style=\"margin: 0cm 0cm 0pt; text-align: justify\"><font size=\"3\" face=\"Times New Roman\">No est\u00e1 usted obligada a querernos y mucho menos a apoyar nuestros ideales, pero tampoco autorizada a atacar. \u00bfSe ha puesto a pensar, a contar siquiera con los dedos de sus manos con los que usted tanto se\u00f1ala a la gente, cuantos ni\u00f1os se ver\u00edan beneficiados con nuestro \u00e9xito? Si usted no hubiera sido tan ciega y un poquito m\u00e1s inteligente, ah\u00ed hubieran estado contemplados tambi\u00e9n sus hijos. <\/font><\/p>\n<p class=\"MsoNormal\" style=\"margin: 0cm 0cm 0pt; text-align: justify\"><font size=\"3\" face=\"Times New Roman\">Pero es tarde CRESENCIA RAMIREZ SANTOYO\u2026 es tarde\u2026<\/font><\/p>\n<p class=\"MsoNormal\" style=\"margin: 0cm 0cm 0pt; text-align: justify\"><font size=\"3\" face=\"Times New Roman\">La lucha ya termin\u00f3, por lo menos esta lucha. Y usted ahora viene a querer meterse como si nada hubiera pasado. No basta con poner cara de baqueta, no basta con pedir disculpas, no basta con decir lo siento, no basta con aportar el dinero perdido.<\/font><\/p>\n<p class=\"MsoNormal\" style=\"margin: 0cm 0cm 0pt; text-align: justify\"><font size=\"3\" face=\"Times New Roman\">Ser\u00e1 mejor para usted que se mantenga como siempre lo hizo, sola. Y siendo sincero le confieso que lamento mucho que su actitud arrastre a su propia familia, en la que, por lo visto nunca pens\u00f3.<\/font><\/p>\n<p class=\"MsoNormal\" style=\"margin: 0cm 0cm 0pt; text-align: justify\"><font size=\"3\" face=\"Times New Roman\">SITRAD y nadie de nuestros compa\u00f1eros quiere ganarse una enemistad con usted, pero le aseguro que si insiste en querer taparse con nuestra cobija ser\u00e1 echada de ah\u00ed con todo el protocolo con que se echa a LOS TRAIDORES. Si mis palabras no la han segado de coraje, y quisiera aceptar una humilde recomendaci\u00f3n, VAYASE, regrese a su condici\u00f3n de PSP, y a los locos, so\u00f1adores, rid\u00edculos, ladrones y revoltosos d\u00e9jenos en paz, NO LA QUEREMOS. <\/font><\/p>\n<p><font size=\"3\" face=\"Times New Roman\"> <\/font><\/p>\n<p><font size=\"3\" face=\"Times New Roman\"> <\/font><\/p>\n","protected":false},"excerpt":{"rendered":"<p>Que tal compa\u00f1eros, esta vez deseo iniciar mi escrito con una disculpa por lo comentado en la entrada anterior, pero conste que no se trata de un arrepentimiento, para nada, as\u00ed que EDEL no te alegres, me refiero a que &hellip; <a href=\"http:\/\/sitrad.org.mx\/index.php\/2007\/05\/08\/cresencia-prepara-maletas-para-salir-de-sitrad\/\">Sigue leyendo <span class=\"meta-nav\">&rarr;<\/span><\/a><\/p>\n","protected":false},"author":3,"featured_media":0,"comment_status":"open","ping_status":"open","sticky":false,"template":"","format":"standard","meta":{"footnotes":""},"categories":[4],"tags":[],"class_list":["post-223","post","type-post","status-publish","format-standard","hentry","category-blog"],"_links":{"self":[{"href":"http:\/\/sitrad.org.mx\/index.php\/wp-json\/wp\/v2\/posts\/223","targetHints":{"allow":["GET"]}}],"collection":[{"href":"http:\/\/sitrad.org.mx\/index.php\/wp-json\/wp\/v2\/posts"}],"about":[{"href":"http:\/\/sitrad.org.mx\/index.php\/wp-json\/wp\/v2\/types\/post"}],"author":[{"embeddable":true,"href":"http:\/\/sitrad.org.mx\/index.php\/wp-json\/wp\/v2\/users\/3"}],"replies":[{"embeddable":true,"href":"http:\/\/sitrad.org.mx\/index.php\/wp-json\/wp\/v2\/comments?post=223"}],"version-history":[{"count":0,"href":"http:\/\/sitrad.org.mx\/index.php\/wp-json\/wp\/v2\/posts\/223\/revisions"}],"wp:attachment":[{"href":"http:\/\/sitrad.org.mx\/index.php\/wp-json\/wp\/v2\/media?parent=223"}],"wp:term":[{"taxonomy":"category","embeddable":true,"href":"http:\/\/sitrad.org.mx\/index.php\/wp-json\/wp\/v2\/categories?post=223"},{"taxonomy":"post_tag","embeddable":true,"href":"http:\/\/sitrad.org.mx\/index.php\/wp-json\/wp\/v2\/tags?post=223"}],"curies":[{"name":"wp","href":"https:\/\/api.w.org\/{rel}","templated":true}]}}