{"id":1827,"date":"2013-05-29T23:18:34","date_gmt":"2013-05-30T06:18:34","guid":{"rendered":"http:\/\/sitrad.org.mx\/?p=1827"},"modified":"2013-05-30T06:21:45","modified_gmt":"2013-05-30T13:21:45","slug":"solidaridad-con-los-docentes-de-conalep-df","status":"publish","type":"post","link":"http:\/\/sitrad.org.mx\/index.php\/2013\/05\/29\/solidaridad-con-los-docentes-de-conalep-df\/","title":{"rendered":"Solidaridad con los docentes de Conalep DF"},"content":{"rendered":"<p align=\"right\">Tepic, Nayarit, 30 de mayo de 2013<\/p>\n<p><strong>AL PUEBLO M\u00c9XICO<\/strong><\/p>\n<p><strong>A LAS ORGANIZACIONES SOCIALES Y SINDICALES<\/strong><\/p>\n<p><strong>PADRES DE FAMILIA<\/strong><\/p>\n<p>&nbsp;<\/p>\n<p style=\"text-align: justify;\"><a href=\"http:\/\/sitrad.org.mx\/wp-content\/uploads\/2013\/04\/Logo-SITRAyD-200X2002.png\"><img loading=\"lazy\" decoding=\"async\" class=\"alignleft size-full wp-image-1743\" alt=\"SITRAyD CONALEP Nayarit\" src=\"http:\/\/sitrad.org.mx\/wp-content\/uploads\/2013\/04\/Logo-SITRAyD-200X2002.png\" width=\"100\" height=\"100\" srcset=\"http:\/\/sitrad.org.mx\/wp-content\/uploads\/2013\/04\/Logo-SITRAyD-200X2002.png 200w, http:\/\/sitrad.org.mx\/wp-content\/uploads\/2013\/04\/Logo-SITRAyD-200X2002-150x150.png 150w, http:\/\/sitrad.org.mx\/wp-content\/uploads\/2013\/04\/Logo-SITRAyD-200X2002-60x60.png 60w\" sizes=\"auto, (max-width: 100px) 100vw, 100px\" \/><\/a>SITRAyD CONALEP Nayarit manifiesta su solidaridad y apoyo a los m\u00e1s de 2300 trabajadores docentes de los 27 planteles de CONALEP en el Distrito Federal, quienes desde las 7 hrs del d\u00eda 29 de mayo, ante la negativa de las autoridades del colegio de reconocerlos como trabajadores y con ello, darles los derechos que nuestra constituci\u00f3n otorga, han tenido que hacer uso del art\u00edculo 123 constitucional y han estallado un movimiento general de huelga, afectando con ello a m\u00e1s de 45,000 alumnos.<\/p>\n<p style=\"text-align: justify;\">Las condiciones de los trabajadores docentes del subsistema CONALEP en el pa\u00eds desde que se form\u00f3 hace m\u00e1s de 30 a\u00f1os han sido deplorables hist\u00f3ricamente, ya que viola de manera flagrante los derechos fundamentales a los que todos los trabajadores en M\u00e9xico tenemos derecho como lo es la estabilidad en el empleo y la seguridad social.<\/p>\n<p style=\"text-align: justify;\">Largos historiales de abuso a los docentes han desencadenado luchas a lo largo y ancho del pa\u00eds, donde ese reconocimiento ha ido avanzando de manera paulatina, donde los docentes Conalep en la mayor\u00eda del pa\u00eds, cuentan ya con una estabilidad en el empleo y esquemas b\u00e1sicos de seguridad social, a pesar de los intentos de las diferentes administraciones de oficinas nacionales de Conalep por truncar ese derecho constitucional usando contratos ilegales de Prestaci\u00f3n de Servicios Profesionales.<\/p>\n<p style=\"text-align: justify;\">Desde la capital del estado de Nayarit, lugar donde en 1905 se gesta el primer movimiento de huelga en M\u00e9xico, SITRAyD CONALEP Nayarit hace patente el apoyo a los docentes de Conalep en el Distrito Federal y solicita la intervenci\u00f3n de las autoridades en este conflicto para dar soluci\u00f3n satisfactoria a sus demandas.<\/p>\n<p style=\"text-align: justify;\">Compa\u00f1eros del SUTDF, reciban un saludo solidario y combativo de nuestra organizaci\u00f3n.<\/p>\n<p><strong>POR LA DIGNIFICACI\u00d3N DEL TRABAJO DOCENTE EN CONALEP<\/strong><\/p>\n<p><strong>HASTA LA VICTORIA!!<\/strong><\/p>\n<p>&nbsp;<\/p>\n<p align=\"center\"><strong>\u201cUNIDAD, TRABAJO Y EXCELENCIA\u201d<\/strong><\/p>\n<p align=\"center\">ALEJANDRO CAMPOS MART\u00cdNEZ<\/p>\n<p align=\"center\">SECRETARIO DE ACCI\u00d3N POL\u00cdTICA DEL CEE<\/p>\n<p align=\"center\">SITRAyD CONALEP\u00a0 NAYARIT<\/p>\n","protected":false},"excerpt":{"rendered":"<p>Tepic, Nayarit, 30 de mayo de 2013 AL PUEBLO M\u00c9XICO A LAS ORGANIZACIONES SOCIALES Y SINDICALES PADRES DE FAMILIA &nbsp; SITRAyD CONALEP Nayarit manifiesta su solidaridad y apoyo a los m\u00e1s de 2300 trabajadores docentes de los 27 planteles de &hellip; <a href=\"http:\/\/sitrad.org.mx\/index.php\/2013\/05\/29\/solidaridad-con-los-docentes-de-conalep-df\/\">Sigue leyendo <span class=\"meta-nav\">&rarr;<\/span><\/a><\/p>\n","protected":false},"author":2,"featured_media":1754,"comment_status":"open","ping_status":"open","sticky":false,"template":"","format":"standard","meta":{"footnotes":""},"categories":[21,5,13,9],"tags":[63,69,68,67,17,32,27,101,66],"class_list":["post-1827","post","type-post","status-publish","format-standard","has-post-thumbnail","hentry","category-comsta-conalep","category-comunicado","category-nacional","category-sindicato","tag-conalep","tag-constitucion","tag-derecho","tag-df","tag-docentes","tag-huelga","tag-maestros","tag-sindicato","tag-sutd"],"_links":{"self":[{"href":"http:\/\/sitrad.org.mx\/index.php\/wp-json\/wp\/v2\/posts\/1827","targetHints":{"allow":["GET"]}}],"collection":[{"href":"http:\/\/sitrad.org.mx\/index.php\/wp-json\/wp\/v2\/posts"}],"about":[{"href":"http:\/\/sitrad.org.mx\/index.php\/wp-json\/wp\/v2\/types\/post"}],"author":[{"embeddable":true,"href":"http:\/\/sitrad.org.mx\/index.php\/wp-json\/wp\/v2\/users\/2"}],"replies":[{"embeddable":true,"href":"http:\/\/sitrad.org.mx\/index.php\/wp-json\/wp\/v2\/comments?post=1827"}],"version-history":[{"count":5,"href":"http:\/\/sitrad.org.mx\/index.php\/wp-json\/wp\/v2\/posts\/1827\/revisions"}],"predecessor-version":[{"id":1831,"href":"http:\/\/sitrad.org.mx\/index.php\/wp-json\/wp\/v2\/posts\/1827\/revisions\/1831"}],"wp:featuredmedia":[{"embeddable":true,"href":"http:\/\/sitrad.org.mx\/index.php\/wp-json\/wp\/v2\/media\/1754"}],"wp:attachment":[{"href":"http:\/\/sitrad.org.mx\/index.php\/wp-json\/wp\/v2\/media?parent=1827"}],"wp:term":[{"taxonomy":"category","embeddable":true,"href":"http:\/\/sitrad.org.mx\/index.php\/wp-json\/wp\/v2\/categories?post=1827"},{"taxonomy":"post_tag","embeddable":true,"href":"http:\/\/sitrad.org.mx\/index.php\/wp-json\/wp\/v2\/tags?post=1827"}],"curies":[{"name":"wp","href":"https:\/\/api.w.org\/{rel}","templated":true}]}}