{"id":1668,"date":"2013-03-31T16:45:49","date_gmt":"2013-03-31T22:45:49","guid":{"rendered":"http:\/\/sitrad.org.mx\/?p=1668"},"modified":"2013-04-02T07:19:34","modified_gmt":"2013-04-02T13:19:34","slug":"discurso-congreso-nacional-de-la-cut-de-mexico","status":"publish","type":"post","link":"http:\/\/sitrad.org.mx\/index.php\/2013\/03\/31\/discurso-congreso-nacional-de-la-cut-de-mexico\/","title":{"rendered":"Discurso Congreso Nacional de la CUT de Mexico"},"content":{"rendered":"<p><a href=\"http:\/\/sitrad.org.mx\/index.php\/2011\/04\/13\/comunicado-urgente-3\/bandera-huelga-copia-3\/\" rel=\"attachment wp-att-1297\"><img loading=\"lazy\" decoding=\"async\" class=\"size-full wp-image-1297 alignleft\" alt=\"Bandera Huelga copia\" src=\"http:\/\/sitrad.org.mx\/wp-content\/uploads\/2011\/04\/Bandera-Huelga-copia1.jpg\" width=\"114\" height=\"71\" \/><\/a><\/p>\n<p>&nbsp;<\/p>\n<p style=\"padding-left: 150px; text-align: right;\">Ciudad de Mexico, 30 de marzo de 2013<\/p>\n<p style=\"padding-left: 150px;\">Me da mucho gusto estar con ustedes compartiendo estas reflexiones porque estoy seguro que habr\u00e1 de reflejarse en una reacci\u00f3n organizada y unida de todos los trabajadores.<\/p>\n<p>Organizaci\u00f3n y Unidad: esa ha sido y ser\u00e1 la mejor arma para enfrentar la opresi\u00f3n de quienes usan el autoritarismo, el abuso, la violencia para mantenernos divididos , d\u00e9biles, y por tanto sometidos.<\/p>\n<p>La embestida contra los trabajadores es una ola maldita que ahora m\u00e1s que nunca se intensifica sobre nuestro pa\u00eds, nos toca vivir a esta generaci\u00f3n el producto de un plan malsano tramado desde hace a\u00f1os y materializado hoy. Un azote en donde el descr\u00e9dito de los sindicatos, el enjuiciamiento a quienes se manifiestan, el envilecimiento de la personalidad de un trabajador, y, la ausencia de una conciencia de clase en \u00e9stos, han sido el ecosistema perfecto para traernos sus reformas y pactos que legalizan el abuso y la injusticia.<\/p>\n<p>Soy trabajador de un estado en d\u00f3nde la gloria del primer estallamiento de huelga en 1905 es s\u00f3lo una frase que encontramos en los libros. Soy un trabajador de una instituci\u00f3n educativa y por tanto vapuleado por el esc\u00e1ndalo que provoca el encarcelamiento de l\u00edderes corrompidos por ellos mismos para luego revertir su furia falsa contra los trabajadores.<\/p>\n<p>Provengo de un estado en d\u00f3nde los sindicatos han desvirtuado su esencia y sus l\u00edderes lucen flamantes fotograf\u00edas de sus patrones en donde debe estar la de un trabajador con su familia.<\/p>\n<p>Trabajo en un estado en d\u00f3nde los l\u00edderes sindicales despachan desde una oficina de gobierno o peor a\u00fan, son gobierno.<\/p>\n<p>Vengo de un estado en d\u00f3nde nuestra clase trabajadora se escandaliza con la palabra huelga y sus m\u00edseras mejoras las agradecen a sus patrones ser tan benevolentes.<\/p>\n<p>En mi estado he visto poco a poco ceder la seguridad en el empleo para pasar a los contratos que lo \u00fanico que garantizan es incertidumbre y zozobra a los hogares.<\/p>\n<p>Pero pertenezco a un sindicato rebelde y consciente de que sus logros se medir\u00e1n por lo fuerte que seas sus luchas, que entiende que si permanecemos unidos podemos desafiar y atrevernos, podemos so\u00f1ar y podemos vencer.<\/p>\n<p>Cada a\u00f1o en nuestra corta vida como sindicato nos han dicho que las finanzas son malas y que no hay nada para los trabajadores, y escuchamos fuerte el reto: \u00abY hazle como quieras\u00bb. Cada a\u00f1o creemos en nuestra fuerza y siempre cada vez llevamos a nuestra familia\u00a0 la noticia de que la huelga termin\u00f3 y que todo sali\u00f3 bien.<\/p>\n<p>Pero no olvidamos nunca el apoyo recibido de todos ustedes desde cada rinc\u00f3n del pa\u00eds, cada vez para triunfar tenemos que hacernos presentes en todas las formas para mantener la lucha activa, pues no obstante nuestro esfuerzo, el gobierno, lo mismo que una cucaracha se hace resistente a su depredador, cada vez nos tiene nuevas formas de combate y m\u00e1s ahora que tiene a todo un sistema en que apoyarse, m\u00e1s ahora que pacta en contra nuestra, m\u00e1s ahora que los trabajadores somos los pr\u00f3ximos de su lista y muchos creen que es lo justo.<\/p>\n<p>Somos 120 trabajadores que hemos puesto al gobierno en jaque, pero tambi\u00e9n nos hemos convertido en 120 rebeldes que es necesario meter al redil donde est\u00e1n los otros miles.<\/p>\n<p>Somos 120 que tememos en cada lucha, pero en cada una nos confirmamos la convicci\u00f3n de seguir adelante. 120 que hoy pedimos su apoyo para la lucha que viene, pues el patr\u00f3n sabe que el punto a atacar\u00a0 es la unidad y firmeza de los compa\u00f1eros.<\/p>\n<p>Se, que nada de lo que yo he dicho es nuevo para ustedes, porque es como si todos vivi\u00e9ramos en Nayarit, y que al hablar de lo que nos sucede hablo de todos ustedes tambi\u00e9n, se tambi\u00e9n que pertenecen a los rebeldes como los 120 de d\u00f3nde vengo. Ahora lo que falta es mantenernos unidos y organizados.<\/p>\n<p>Lo que sigue es instruirnos, sensibilizarnos, aprender de todos, y actuar como uno. Si lo hacemos, no habr\u00e1 pacto ni ley que pueda doblegarnos. Pero si no lo hacemos, pensemos qu\u00e9 cuentas les daremos a nuestros hijos cuando los hayamos regresado a la esclavitud.<\/p>\n<p>Compa\u00f1eros!<\/p>\n<p>M\u00e9xico atraviesa una dura y penosa crisis que amenaza con acabar con nuestros derechos como trabajadores y a\u00fan como seres humanos, si continuamos en el flujo del conformismo ellos tambi\u00e9n continuar\u00e1n con su plan hasta llegar a la humillaci\u00f3n.<\/p>\n<p>Es por ello que debemos aprovechar este extraordinario foro como punto de partida para reaccionar, para planear, para actuar. Estoy convencido que la aportaci\u00f3n y experiencia de todos nos har\u00e1 definir acciones tanto de defensa como de fortalecimiento de nuestras organizaciones, pues no podemos dar ninguna lucha si no consolidamos ni preparamos a nuestros compa\u00f1eros.<\/p>\n<p>&nbsp;<\/p>\n<p>Y como dec\u00eda Antonio Gramsci:<\/p>\n<p>&nbsp;<\/p>\n<p>Instr\u00fayanse, porque necesitaremos toda nuestra inteligencia.<\/p>\n<p>Conmu\u00e9vanse, porque necesit\u00e1remos todo nuestro entusiasmo.<\/p>\n<p>Organ\u00edcense porque necesit\u00e1remos de toda nuestra fuerza.<\/p>\n<p>&nbsp;<\/p>\n<p>Que vivan los trabajadores!<\/p>\n<p>Que vivan los sindicatos!<\/p>\n<p>Que viva el SME!<\/p>\n<p>Que viva el SME!<\/p>\n<p>&nbsp;<\/p>\n<p>&nbsp;<\/p>\n<p>&nbsp;<\/p>\n","protected":false},"excerpt":{"rendered":"<p>&nbsp; Ciudad de Mexico, 30 de marzo de 2013 Me da mucho gusto estar con ustedes compartiendo estas reflexiones porque estoy seguro que habr\u00e1 de reflejarse en una reacci\u00f3n organizada y unida de todos los trabajadores. Organizaci\u00f3n y Unidad: esa &hellip; <a href=\"http:\/\/sitrad.org.mx\/index.php\/2013\/03\/31\/discurso-congreso-nacional-de-la-cut-de-mexico\/\">Sigue leyendo <span class=\"meta-nav\">&rarr;<\/span><\/a><\/p>\n","protected":false},"author":2,"featured_media":1686,"comment_status":"open","ping_status":"open","sticky":false,"template":"","format":"standard","meta":{"footnotes":""},"categories":[5,13],"tags":[],"class_list":["post-1668","post","type-post","status-publish","format-standard","has-post-thumbnail","hentry","category-comunicado","category-nacional"],"_links":{"self":[{"href":"http:\/\/sitrad.org.mx\/index.php\/wp-json\/wp\/v2\/posts\/1668","targetHints":{"allow":["GET"]}}],"collection":[{"href":"http:\/\/sitrad.org.mx\/index.php\/wp-json\/wp\/v2\/posts"}],"about":[{"href":"http:\/\/sitrad.org.mx\/index.php\/wp-json\/wp\/v2\/types\/post"}],"author":[{"embeddable":true,"href":"http:\/\/sitrad.org.mx\/index.php\/wp-json\/wp\/v2\/users\/2"}],"replies":[{"embeddable":true,"href":"http:\/\/sitrad.org.mx\/index.php\/wp-json\/wp\/v2\/comments?post=1668"}],"version-history":[{"count":8,"href":"http:\/\/sitrad.org.mx\/index.php\/wp-json\/wp\/v2\/posts\/1668\/revisions"}],"predecessor-version":[{"id":1689,"href":"http:\/\/sitrad.org.mx\/index.php\/wp-json\/wp\/v2\/posts\/1668\/revisions\/1689"}],"wp:featuredmedia":[{"embeddable":true,"href":"http:\/\/sitrad.org.mx\/index.php\/wp-json\/wp\/v2\/media\/1686"}],"wp:attachment":[{"href":"http:\/\/sitrad.org.mx\/index.php\/wp-json\/wp\/v2\/media?parent=1668"}],"wp:term":[{"taxonomy":"category","embeddable":true,"href":"http:\/\/sitrad.org.mx\/index.php\/wp-json\/wp\/v2\/categories?post=1668"},{"taxonomy":"post_tag","embeddable":true,"href":"http:\/\/sitrad.org.mx\/index.php\/wp-json\/wp\/v2\/tags?post=1668"}],"curies":[{"name":"wp","href":"https:\/\/api.w.org\/{rel}","templated":true}]}}