{"id":1543,"date":"2012-04-16T20:02:38","date_gmt":"2012-04-17T02:02:38","guid":{"rendered":"http:\/\/sitrad.org.mx\/?p=1543"},"modified":"2012-04-16T20:17:33","modified_gmt":"2012-04-17T02:17:33","slug":"comunicado-16-de-abril","status":"publish","type":"post","link":"http:\/\/sitrad.org.mx\/index.php\/2012\/04\/16\/comunicado-16-de-abril\/","title":{"rendered":"Comunicado 16 de Abril"},"content":{"rendered":"<h2><\/h2>\n<p>&nbsp;<\/p>\n<p><strong><a href=\"http:\/\/sitrad.org.mx\/wp-content\/uploads\/2011\/01\/LOGO-SITRAD-2.png\"><img loading=\"lazy\" decoding=\"async\" class=\"alignleft size-full wp-image-937\" title=\"LOGO SITRAD-2\" src=\"http:\/\/sitrad.org.mx\/wp-content\/uploads\/2011\/01\/LOGO-SITRAD-2.png\" alt=\"\" width=\"62\" height=\"80\" \/><\/a><\/strong><\/p>\n<h2><\/h2>\n<h2><\/h2>\n<h2><strong>COMPA\u00d1EROS!<\/strong><\/h2>\n<p>&nbsp;<\/p>\n<p>Momentos dif\u00edciles y urgentes hacen necesario que me comunique con ustedes desde este primer d\u00eda de regreso de vacaciones para convocarlos a retomar nuestra lucha, la cual iniciamos formalmente el d\u00eda 30 de marzo, fecha en que depositamos en la Junta Local el expediente del emplazamiento a huelga por revisi\u00f3n salarial y violaciones al Contrato Colectivo.<\/p>\n<p>&nbsp;<\/p>\n<p>Lo hicimos con toda precauci\u00f3n de cumplir a cabalidad lo que establece la Ley Federal del Trabajo en esta materia, sin embargo a pesar de que \u00e9sta le impone a las juntas locales 48 horas para notificar a los patrones del emplazamiento una vez que \u00e9ste haya sido admitido, en este caso, y habiendo ya transcurrido\u00a0 17 d\u00edas, Conalep Nayarit sigue sin ser notificado por esta instancia. A lo que el presidente de la Junta Local ha manifestado que se dar\u00e1 el tiempo que \u00e9l estime conveniente para analizar el expediente y posteriormente emplazar al Conalep, violentando c\u00ednica y deliberadamente la ley.<\/p>\n<p>&nbsp;<\/p>\n<p>No ha habido entonces ninguna reuni\u00f3n de trabajo entre el SITRAyD y el Conalep para iniciar las negociaciones. Han sido 17 valiosos d\u00edas que se han perdido; justo hasta ahora, la mitad del tiempo en el que est\u00e1 programado el estallamiento de la huelga. Por nuestra parte hemos denunciado esta actitud ilegal ante la sociedad y ante el propio gobierno del estado, sin embargo considero es momento de hacer uso de nuestra fuerza para evitar el estallamiento de la huelga.<\/p>\n<p>&nbsp;<\/p>\n<p>Muy a pesar de que el gobierno del estado a trav\u00e9s del Secretario General de Gobierno ha expresado su disposici\u00f3n para solucionar el conflicto, nada se ha hecho por buscar un acercamiento con nosotros.<\/p>\n<p>Consciente de los esfuerzos grandes que implica participar en la lucha por la defensa de nuestros derechos, los convoco a todos ustedes a luchar conmigo, a no permitir que nos sea arrebatado un principio fundamental y base de nuestra lucha que es la contrataci\u00f3n colectiva, pues al permitir que se pierdan las prestaciones para las nuevas horas que se generen estamos aceptando volver a los viejos esquemas de contrataci\u00f3n que hizo organizarnos.<\/p>\n<p>&nbsp;<\/p>\n<p>Los convoco a luchar juntos, unidos para exigir el cumplimiento de los compromisos ya plasmados en nuestro Contrato. No podemos permitir negociar por segunda vez algo que ya logramos con nuestra fuerza.<\/p>\n<p>&nbsp;<\/p>\n<p>Es un llamado a iniciar una gran lucha que implique la de nuestros derechos y la de nuestro status como acad\u00e9micos dentro de las aulas. Resulta inaceptable que por ignorancia, incapacidad, ineptitud e inexperiencia se tenga que llegar al estallamiento de una huelga. Ante esta situaci\u00f3n, les pido a cada uno de ustedes hacer una reflexi\u00f3n exhausta y unir uno a uno su pu\u00f1o con el m\u00edo para hacer hasta lo imposible en primer lugar y por nuestros j\u00f3venes estudiantes, por impedir que la huelga estalle, pero si la apat\u00eda, la indolencia y\u00a0 la intransigencia acaso siguieran invadiendo a quienes deber\u00edan actuar con humildad y con un sentido estrictamente responsable, entonces compa\u00f1eros \u00a1Prepar\u00e9monos para la huelga!, para probarle a cuanto quiera de lo que somos capaces por defender lo que ya es nuestro, que cuando negociamos nosotros s\u00ed sabemos respetar los acuerdos!<\/p>\n<p>&nbsp;<\/p>\n<p>&nbsp;<\/p>\n<p>Les pido asumir una actitud responsable con nuestros alumnos, informarles sin alarde ni menosprecio de la situaci\u00f3n que vivimos, apelar a su comprensi\u00f3n y apoyo, sensibilizarlos para entender lo que viene. Todo esto se los pido a ustedes que habiendo vivido ya momentos hist\u00f3ricos de lucha, entienden lo que viene, saben c\u00f3mo defenderlo y como triunfar!<\/p>\n<p>&nbsp;<\/p>\n<p align=\"center\"><strong>\u201cManteng\u00e1monos unidos, que necesitaremos de toda nuestra fuerza\u201d<\/strong><\/p>\n<p>&nbsp;<\/p>\n<p align=\"center\">Tepic, Nayarit, Abril 16 de 2012.<\/p>\n<p align=\"center\">RESPETUOSAMENTE<\/p>\n<p align=\"center\">Jos\u00e9 Luis Flores Rosas.<\/p>\n<p align=\"center\">\n","protected":false},"excerpt":{"rendered":"<p>&nbsp; COMPA\u00d1EROS! &nbsp; Momentos dif\u00edciles y urgentes hacen necesario que me comunique con ustedes desde este primer d\u00eda de regreso de vacaciones para convocarlos a retomar nuestra lucha, la cual iniciamos formalmente el d\u00eda 30 de marzo, fecha en que &hellip; <a href=\"http:\/\/sitrad.org.mx\/index.php\/2012\/04\/16\/comunicado-16-de-abril\/\">Sigue leyendo <span class=\"meta-nav\">&rarr;<\/span><\/a><\/p>\n","protected":false},"author":5,"featured_media":0,"comment_status":"open","ping_status":"open","sticky":false,"template":"","format":"standard","meta":{"footnotes":""},"categories":[4,5,13,9],"tags":[],"class_list":["post-1543","post","type-post","status-publish","format-standard","hentry","category-blog","category-comunicado","category-nacional","category-sindicato"],"_links":{"self":[{"href":"http:\/\/sitrad.org.mx\/index.php\/wp-json\/wp\/v2\/posts\/1543","targetHints":{"allow":["GET"]}}],"collection":[{"href":"http:\/\/sitrad.org.mx\/index.php\/wp-json\/wp\/v2\/posts"}],"about":[{"href":"http:\/\/sitrad.org.mx\/index.php\/wp-json\/wp\/v2\/types\/post"}],"author":[{"embeddable":true,"href":"http:\/\/sitrad.org.mx\/index.php\/wp-json\/wp\/v2\/users\/5"}],"replies":[{"embeddable":true,"href":"http:\/\/sitrad.org.mx\/index.php\/wp-json\/wp\/v2\/comments?post=1543"}],"version-history":[{"count":6,"href":"http:\/\/sitrad.org.mx\/index.php\/wp-json\/wp\/v2\/posts\/1543\/revisions"}],"predecessor-version":[{"id":1548,"href":"http:\/\/sitrad.org.mx\/index.php\/wp-json\/wp\/v2\/posts\/1543\/revisions\/1548"}],"wp:attachment":[{"href":"http:\/\/sitrad.org.mx\/index.php\/wp-json\/wp\/v2\/media?parent=1543"}],"wp:term":[{"taxonomy":"category","embeddable":true,"href":"http:\/\/sitrad.org.mx\/index.php\/wp-json\/wp\/v2\/categories?post=1543"},{"taxonomy":"post_tag","embeddable":true,"href":"http:\/\/sitrad.org.mx\/index.php\/wp-json\/wp\/v2\/tags?post=1543"}],"curies":[{"name":"wp","href":"https:\/\/api.w.org\/{rel}","templated":true}]}}