{"id":1490,"date":"2011-12-08T11:22:32","date_gmt":"2011-12-08T17:22:32","guid":{"rendered":"http:\/\/sitrad.org.mx\/?p=1490"},"modified":"2011-12-08T17:33:21","modified_gmt":"2011-12-08T23:33:21","slug":"escalafon-2011","status":"publish","type":"post","link":"http:\/\/sitrad.org.mx\/index.php\/2011\/12\/08\/escalafon-2011\/","title":{"rendered":"Escalafon 2011"},"content":{"rendered":"<p>Resultados del an\u00e1lisis de informaci\u00f3n de los docentes pertenecientes al SITRAyD por parte de la Comisi\u00f3n Estatal de Escalaf\u00f3n para el periodo 2012.<\/p>\n<p>&nbsp;<\/p>\n<p><a href=\"http:\/\/sitrad.org.mx\/wp-content\/uploads\/2011\/12\/Copia-de-ESCALAFON-FINAL_2011.xlsx\">ESCALAFON FINAL_2011<\/a><\/p>\n<p>&nbsp;<\/p>\n<h2><strong>GU\u00cdA DE INTERPRETACI\u00d3N <\/strong><\/h2>\n<p><strong><br \/>\n<\/strong><\/p>\n<p><strong>DE LOS COLORES DE LOS NOMBRES DE\u00a0 LOS AGREMIADOS<\/strong><\/p>\n<p>&nbsp;<\/p>\n<p>&nbsp;<\/p>\n<table border=\"1\" cellspacing=\"0\" cellpadding=\"0\">\n<tbody>\n<tr>\n<td valign=\"top\" width=\"177\">\n<p align=\"center\">COLOR<\/p>\n<\/td>\n<td valign=\"top\" width=\"331\">\n<p style=\"text-align: center;\" align=\"center\">PLANTEL<\/p>\n<\/td>\n<\/tr>\n<tr>\n<td valign=\"top\" width=\"177\">\n<p align=\"center\">AZUL<\/p>\n<\/td>\n<td valign=\"top\" width=\"331\">\n<p style=\"text-align: center;\" align=\"center\">Bah\u00eda de Banderas<\/p>\n<\/td>\n<\/tr>\n<tr>\n<td valign=\"top\" width=\"177\">\n<p align=\"center\">GRIS<\/p>\n<\/td>\n<td valign=\"top\" width=\"331\">\n<p align=\"center\">Cantera<\/p>\n<\/td>\n<\/tr>\n<tr>\n<td valign=\"top\" width=\"177\">\n<p align=\"center\">VERDE<\/p>\n<\/td>\n<td valign=\"top\" width=\"331\">\n<p align=\"center\">Pe\u00f1ita de Jaltemba<\/p>\n<\/td>\n<\/tr>\n<tr>\n<td valign=\"top\" width=\"177\">\n<p align=\"center\">NEGRO<\/p>\n<\/td>\n<td valign=\"top\" width=\"331\">\n<p align=\"center\">Tepic, 169<\/p>\n<\/td>\n<\/tr>\n<\/tbody>\n<\/table>\n<p>&nbsp;<\/p>\n<p>&nbsp;<\/p>\n<p><strong>EN LO QUE SE REFIERE A LA CONTABILIZACION EN TODO EL ARCHIVO, <\/strong><\/p>\n<ul>\n<li>Los \u201c1\u201d se refieren a que SI asisti\u00f3, o SI cumpli\u00f3 con la actividad<\/li>\n<li>Los \u201c1\u201d (rojo) son justificantes (incapacidades.)<\/li>\n<li>Si NO tiene nada, es NO asisti\u00f3 o NO cumpli\u00f3<\/li>\n<\/ul>\n<p>&nbsp;<\/p>\n<p><strong>PESTA\u00d1A DE ACUERDOS<\/strong><\/p>\n<p>Vienen todos los acuerdos tomados en asambleas, as\u00ed como el puntaje obtenido en ese rubro, que\u00a0 se contabilizar\u00e1n para el rubro de PARTICIPACION SINDICAL.<\/p>\n<p>En lo que se refiere a las calificaciones: En el 2010 se acord\u00f3, que tendr\u00edamos que entregarles al comit\u00e9 las copias donde Control escolar nos firmaba de\u00a0 recibido<\/p>\n<p>En lo que se refiere a mo\u00f1os del 2011, se tomo como v\u00e1lido la actividad, \u00a0si lo aportaron por lo menos 6 d\u00edas los mo\u00f1os<\/p>\n<p>&nbsp;<\/p>\n<p><strong>PESTA\u00d1A DE EXPEDIENTES<\/strong><\/p>\n<p>En lo que se refiere a PREPARACION PROFESIONAL; Se fue contabilizando\u00a0 hasta el \u00faltimo grado de estudios, que se encontraban en el expediente<\/p>\n<p>&nbsp;<\/p>\n<p>EN LO QUE SE REFIERE A MEJORAMIENTO PROFESIONAL; se contabilizo seg\u00fan documentos que se encontraban en su expediente.<\/p>\n<p>&nbsp;<\/p>\n<p>&nbsp;<\/p>\n<p><strong>PESTA\u00d1A DE\u00a0 ASAMBLEAS: <\/strong><\/p>\n<p>Se \u00a0contabilizaron las firmas que avalan\u00a0 la asistencias a las asambleas,\u00a0 del 2010 y 2011 y al inicio de la pesta\u00f1a viene el puntaje total, esto se sumara al rubro de\u00a0 PARTICIPACION SINDICAL<\/p>\n<p>&nbsp;<\/p>\n<p>&nbsp;<\/p>\n<p><strong>PESTA\u00d1A DE HUELGA<\/strong><\/p>\n<p>Todas las asistencias\u00a0 a las actividades de las huelgas, quedaron registradas, seg\u00fan documentos entregados por la comisi\u00f3n Estatal de huelga., Los totales de este rubro se contabilizaran en el rubro de PARTICIPACION SINDICAL<\/p>\n<p>&nbsp;<\/p>\n<p><strong>PESTA\u00d1A DE DATOS<\/strong><\/p>\n<p>En esta pesta\u00f1a est\u00e1 el concentrado de todos los totales de cada rubro,\u00a0 as\u00ed como el puntaje total y el lugar que se obtuvo en esta revisi\u00f3n 2011<\/p>\n<p>&nbsp;<\/p>\n<p><span style=\"color: #3366ff;\"><strong>NOTA: <\/strong><\/span><strong>LOS PUNTAJES DE\u00a0 CADA ACTIVIDAD VARIAN, ENEL ANEXO 5 DE LOS ESTATUTOS, VIENE CUANTO VALE CADA ACTIVIDAD.<\/strong><\/p>\n<p>&nbsp;<\/p>\n","protected":false},"excerpt":{"rendered":"<p>Resultados del an\u00e1lisis de informaci\u00f3n de los docentes pertenecientes al SITRAyD por parte de la Comisi\u00f3n Estatal de Escalaf\u00f3n para el periodo 2012. &nbsp; ESCALAFON FINAL_2011 &nbsp; GU\u00cdA DE INTERPRETACI\u00d3N DE LOS COLORES DE LOS NOMBRES DE\u00a0 LOS AGREMIADOS &nbsp; &hellip; <a href=\"http:\/\/sitrad.org.mx\/index.php\/2011\/12\/08\/escalafon-2011\/\">Sigue leyendo <span class=\"meta-nav\">&rarr;<\/span><\/a><\/p>\n","protected":false},"author":2,"featured_media":0,"comment_status":"open","ping_status":"open","sticky":false,"template":"","format":"standard","meta":{"footnotes":""},"categories":[4],"tags":[],"class_list":["post-1490","post","type-post","status-publish","format-standard","hentry","category-blog"],"_links":{"self":[{"href":"http:\/\/sitrad.org.mx\/index.php\/wp-json\/wp\/v2\/posts\/1490","targetHints":{"allow":["GET"]}}],"collection":[{"href":"http:\/\/sitrad.org.mx\/index.php\/wp-json\/wp\/v2\/posts"}],"about":[{"href":"http:\/\/sitrad.org.mx\/index.php\/wp-json\/wp\/v2\/types\/post"}],"author":[{"embeddable":true,"href":"http:\/\/sitrad.org.mx\/index.php\/wp-json\/wp\/v2\/users\/2"}],"replies":[{"embeddable":true,"href":"http:\/\/sitrad.org.mx\/index.php\/wp-json\/wp\/v2\/comments?post=1490"}],"version-history":[{"count":5,"href":"http:\/\/sitrad.org.mx\/index.php\/wp-json\/wp\/v2\/posts\/1490\/revisions"}],"predecessor-version":[{"id":1496,"href":"http:\/\/sitrad.org.mx\/index.php\/wp-json\/wp\/v2\/posts\/1490\/revisions\/1496"}],"wp:attachment":[{"href":"http:\/\/sitrad.org.mx\/index.php\/wp-json\/wp\/v2\/media?parent=1490"}],"wp:term":[{"taxonomy":"category","embeddable":true,"href":"http:\/\/sitrad.org.mx\/index.php\/wp-json\/wp\/v2\/categories?post=1490"},{"taxonomy":"post_tag","embeddable":true,"href":"http:\/\/sitrad.org.mx\/index.php\/wp-json\/wp\/v2\/tags?post=1490"}],"curies":[{"name":"wp","href":"https:\/\/api.w.org\/{rel}","templated":true}]}}