{"id":1306,"date":"2011-05-01T23:26:34","date_gmt":"2011-05-02T05:26:34","guid":{"rendered":"http:\/\/sitrad.org.mx\/?p=1306"},"modified":"2011-05-01T23:51:30","modified_gmt":"2011-05-02T05:51:30","slug":"primero-de-mayo","status":"publish","type":"post","link":"http:\/\/sitrad.org.mx\/index.php\/2011\/05\/01\/primero-de-mayo\/","title":{"rendered":"Primero de Mayo"},"content":{"rendered":"<p>&nbsp;<\/p>\n<p>&nbsp;<\/p>\n<p style=\"text-align: justify;\">Hace tres a\u00f1os, un d\u00eda como hoy, y en este mismo lugar, el gobernador del estado reconoc\u00eda en nuestro sindicato, una organizaci\u00f3n de lucha y de trabajo. Un sindicato joven que sabe reconocer el d\u00eda y el momento para la demanda. Que tiene presente su compromiso con la educaci\u00f3n de nuestros j\u00f3venes durante todo el a\u00f1o, y dedica uno solo para luchar por sus familias.<\/p>\n<p>&nbsp;<\/p>\n<p>[youtube]http:\/\/www.youtube.com\/watch?v=6xuivYHRoG4[\/youtube]<\/p>\n<p style=\"text-align: justify;\">&nbsp;<\/p>\n<p style=\"text-align: justify;\">Hoy, a casi 24 horas de cumplirse el plazo para el estallamiento de la huelga en Conalep Nayarit, refrendamos ese \u00e1nimo de trabajo y de lucha. Lo hacemos con la mirada de frente y satisfechos del deber cumplido, venimos a pedir un salario justo, condiciones laborales m\u00e1s equitativas que cubran las necesidades de nuestras familias, que aunque ganamos una cuarta parte de lo que otros subsistemas de igual nivel ganan, continuamos dando nuestro mejor esfuerzo, traducidos en los resultados que hist\u00f3ricamente identifican a Conalep Nayarit, y que estamos como siempre dispuestos a trabajar en equipo para mejorar.<\/p>\n<p><!--more--><\/p>\n<p style=\"text-align: justify;\">Venimos a decir que estamos listos! QUE ESTAMOS LISTOS Y ORGANIZADOS para el di\u00e1logo, LISTOS Y ORGANIZADOS para la lucha adentro de las aulas, y si fuera el caso, para la de las calles y las casas de campa\u00f1a.<\/p>\n<p style=\"text-align: justify;\">&nbsp;<\/p>\n<p><a href=\"http:\/\/sitrad.org.mx\/wp-content\/uploads\/2011\/05\/Marcha-Primero-de-Mayo.jpg\"><img loading=\"lazy\" decoding=\"async\" class=\"aligncenter size-large wp-image-1309\" title=\"Marcha Primero de Mayo\" src=\"http:\/\/sitrad.org.mx\/wp-content\/uploads\/2011\/05\/Marcha-Primero-de-Mayo-1024x781.jpg\" alt=\"\" width=\"519\" height=\"395\" srcset=\"http:\/\/sitrad.org.mx\/wp-content\/uploads\/2011\/05\/Marcha-Primero-de-Mayo-1024x781.jpg 1024w, http:\/\/sitrad.org.mx\/wp-content\/uploads\/2011\/05\/Marcha-Primero-de-Mayo-500x381.jpg 500w, http:\/\/sitrad.org.mx\/wp-content\/uploads\/2011\/05\/Marcha-Primero-de-Mayo.jpg 1606w\" sizes=\"auto, (max-width: 519px) 100vw, 519px\" \/><\/a><\/p>\n<p>&nbsp;<\/p>\n<p style=\"text-align: justify;\">A casi 24 horas de que se cumpla el plazo y no haber llegado a un acuerdo, decimos que el SITRAyD no quiere ir a la huelga. No quiere que nuestros estudiantes dejen de tener clases, no queremos abandonar nuestros trabajos, no queremos abandonar nuestras familias. Pero tambi\u00e9n decimos con mucha dignidad y determinaci\u00f3n que si no hubiese otra alternativa, estamos listos, como en el pasado reciente,  para enfrentar el temporal que propicia la cerraz\u00f3n y las decisiones unilaterales.<\/p>\n<p style=\"text-align: justify;\">A nuestros estudiantes les agradecemos su comprensi\u00f3n y apoyo fraternal que hemos recibido, y les decimos que estaremos poniendo el mejor de los esfuerzos para llegar a una soluci\u00f3n favorable para todos, pero que como en todos los conflictos, se necesitan dos, y depender\u00e1 mucho de la postura que muestre la direcci\u00f3n estatal, que de nuestro lado estar\u00e1 siempre la mejor disposici\u00f3n de di\u00e1logo en un marco de respeto y actitud propositiva.<\/p>\n<p style=\"text-align: justify;\">A la sociedad en general le decimos que conservamos, como desde hace 28 a\u00f1os, el mismo compromiso por regresarle j\u00f3venes con valores y competentes para integrase al mercado laboral con un alto \u00edndice de calidad y competitividad. Y que luchamos por tener condiciones laborales m\u00e1s justas porque tambi\u00e9n somos padres, esposos e hijos.<\/p>\n<p style=\"text-align: justify;\">A los trabajadores en general, les agradecemos todas las muestras de apoyo y solidaridad con nuestra lucha, por entender que solo buscamos subsistir en este medio de pobreza y altos precios. Y que si llegamos a la huelga, necesitaremos m\u00e1s aun de su apoyo para continuar la lucha desde la prueba m\u00e1s dura y fuerte a la vez, que tiene un trabajador.<\/p>\n<p style=\"text-align: justify;\">A la direcci\u00f3n estatal le decimos que estamos convencidos de lo que pedimos, no porque salga de nuestras bocas o est\u00e9 escrito en los discursos, sale de las necesidades de nuestras familias y la dificultad para sobrellevar la vida con los salarios de un maestro Conalep. Le decimos que estamos en la mejor disposici\u00f3n de continuar dialogando hasta el \u00faltimo minuto por evitar la huelga, y despu\u00e9s de ella con mayor ah\u00ednco para terminarla. Que no confunda nuestra preocupaci\u00f3n por los momentos, porque para el trabajo, como para la lucha, \u00a1\u00a1ESTAMOS LISTOS Y ORGANIZADOS!!<\/p>\n<p style=\"text-align: justify;\">&nbsp;<\/p>\n<p style=\"text-align: center;\"><strong>UNIDAD, TRABAJO Y EXCELENCIA<\/strong><\/p>\n<p>&nbsp;<\/p>\n","protected":false},"excerpt":{"rendered":"<p>&nbsp; &nbsp; Hace tres a\u00f1os, un d\u00eda como hoy, y en este mismo lugar, el gobernador del estado reconoc\u00eda en nuestro sindicato, una organizaci\u00f3n de lucha y de trabajo. Un sindicato joven que sabe reconocer el d\u00eda y el momento &hellip; <a href=\"http:\/\/sitrad.org.mx\/index.php\/2011\/05\/01\/primero-de-mayo\/\">Sigue leyendo <span class=\"meta-nav\">&rarr;<\/span><\/a><\/p>\n","protected":false},"author":2,"featured_media":0,"comment_status":"open","ping_status":"open","sticky":false,"template":"","format":"standard","meta":{"footnotes":""},"categories":[21,5,13,9],"tags":[],"class_list":["post-1306","post","type-post","status-publish","format-standard","hentry","category-comsta-conalep","category-comunicado","category-nacional","category-sindicato"],"_links":{"self":[{"href":"http:\/\/sitrad.org.mx\/index.php\/wp-json\/wp\/v2\/posts\/1306","targetHints":{"allow":["GET"]}}],"collection":[{"href":"http:\/\/sitrad.org.mx\/index.php\/wp-json\/wp\/v2\/posts"}],"about":[{"href":"http:\/\/sitrad.org.mx\/index.php\/wp-json\/wp\/v2\/types\/post"}],"author":[{"embeddable":true,"href":"http:\/\/sitrad.org.mx\/index.php\/wp-json\/wp\/v2\/users\/2"}],"replies":[{"embeddable":true,"href":"http:\/\/sitrad.org.mx\/index.php\/wp-json\/wp\/v2\/comments?post=1306"}],"version-history":[{"count":10,"href":"http:\/\/sitrad.org.mx\/index.php\/wp-json\/wp\/v2\/posts\/1306\/revisions"}],"predecessor-version":[{"id":1308,"href":"http:\/\/sitrad.org.mx\/index.php\/wp-json\/wp\/v2\/posts\/1306\/revisions\/1308"}],"wp:attachment":[{"href":"http:\/\/sitrad.org.mx\/index.php\/wp-json\/wp\/v2\/media?parent=1306"}],"wp:term":[{"taxonomy":"category","embeddable":true,"href":"http:\/\/sitrad.org.mx\/index.php\/wp-json\/wp\/v2\/categories?post=1306"},{"taxonomy":"post_tag","embeddable":true,"href":"http:\/\/sitrad.org.mx\/index.php\/wp-json\/wp\/v2\/tags?post=1306"}],"curies":[{"name":"wp","href":"https:\/\/api.w.org\/{rel}","templated":true}]}}